{"id":535,"date":"2017-10-20T12:22:29","date_gmt":"2017-10-20T10:22:29","guid":{"rendered":"http:\/\/www.mglos.se\/wp\/?p=535"},"modified":"2017-10-20T12:22:29","modified_gmt":"2017-10-20T10:22:29","slug":"fortbildning-varterminen-2018","status":"publish","type":"post","link":"https:\/\/mglos.se\/?p=535","title":{"rendered":"Fortbildning h\u00f6sten 2018 och v\u00e5ren 2019"},"content":{"rendered":"<p>\t\t\t\t<a href=\"http:\/\/www.mglos.se\/wp\/wp-content\/uploads\/2017\/10\/Angelholm2.jpg\"><img loading=\"lazy\" decoding=\"async\" class=\"alignnone wp-image-558\" src=\"http:\/\/www.mglos.se\/wp\/wp-content\/uploads\/2017\/10\/Angelholm2-210x300.jpg\" alt=\"\" width=\"88\" height=\"126\" \/><\/a><\/p>\n<p>Hoppas ni haft en fin sommar och k\u00e4nner er inspirerade att s\u00e4tta ig\u00e5ng med att planera elevernas flash-cardtr\u00e4ning inf\u00f6r det nya l\u00e4s\u00e5ret. Hoppas det blir fler l\u00e4rare som delar med sig av egna \u00f6vningar detta l\u00e4s\u00e5r.<\/p>\n<p>D\u00e5 det g\u00e4ller fortbildning \u00e4r \u00e4nnu inget inlagt f\u00f6r h\u00f6sten 2018 och v\u00e5ren 2019. Jag har f\u00e5tt in n\u00e5gra intresseanm\u00e4lan, speciellt fr\u00e5n Sk\u00e5ne-omr\u00e5det. Men f\u00f6r att ordna kurs beh\u00f6ver jag minst 8 deltagare fr\u00e5n ett omr\u00e5de och det har jag inte. H\u00f6r g\u00e4rna av er om intresse finns. V\u00e5ra erfarenheter \u00e4r att det beh\u00f6vs en heldag f\u00f6r att s\u00e4tta sig in i programmet. Information om priser och tider finns i formul\u00e4ret, <a href=\"http:\/\/www.mglos.se\/Intresseanmalan_MG-program_kurs.doc\">Intresseanm\u00e4lan MG-program kurs.<\/a> Begr\u00e4nsat deltagarantal. Sj\u00e4lvfallet kan kommuner ocks\u00e5 anlita oss direkt och st\u00e5 f\u00f6r det praktiska s\u00e5som lokalhyra, anm\u00e4lningar, fika etc. Vi n\u00e5s p\u00e5 070-211 67 04 eller e-post: maj-gun@mglos.se.<\/p>\n<p>Intresset har varit stort f\u00f6r de diagnospaket jag utvecklat och pilottestat f\u00f6r \u00e5rkurserna 1, 2, 5 och 8. Diagnoser kommer <strong>inte<\/strong> som planerat att normeras i h\u00f6st utan skjuts upp till maj 2019. P\u00e5 de kurser jag haft har jag delat ut diagnospaketen f\u00f6r att l\u00e4rare ska f\u00e5 m\u00f6jlighet att pr\u00f6va dem i f\u00f6rv\u00e4g. Respons utifr\u00e5n f\u00e4ltet \u00e4r n\u00e5got jag tacksamt lyssnar till.\t\t<\/p>\n","protected":false},"excerpt":{"rendered":"<p>Hoppas ni haft en fin sommar och k\u00e4nner er inspirerade att s\u00e4tta ig\u00e5ng med att planera elevernas flash-cardtr\u00e4ning inf\u00f6r det nya l\u00e4s\u00e5ret. Hoppas det blir fler l\u00e4rare som delar med sig av egna \u00f6vningar detta l\u00e4s\u00e5r. D\u00e5 det g\u00e4ller fortbildning &hellip; <a href=\"https:\/\/mglos.se\/?p=535\">Forts\u00e4tt l\u00e4sa <span class=\"meta-nav\">&rarr;<\/span><\/a> <a href=\"https:\/\/mglos.se\/?p=535\">Forts\u00e4tt l\u00e4sa <span class=\"meta-nav\">&rarr;<\/span><\/a><\/p>\n","protected":false},"author":1,"featured_media":0,"comment_status":"closed","ping_status":"closed","sticky":false,"template":"","format":"standard","meta":{"footnotes":""},"categories":[2],"tags":[],"class_list":["post-535","post","type-post","status-publish","format-standard","hentry","category-okategoriserade"],"_links":{"self":[{"href":"https:\/\/mglos.se\/index.php?rest_route=\/wp\/v2\/posts\/535","targetHints":{"allow":["GET"]}}],"collection":[{"href":"https:\/\/mglos.se\/index.php?rest_route=\/wp\/v2\/posts"}],"about":[{"href":"https:\/\/mglos.se\/index.php?rest_route=\/wp\/v2\/types\/post"}],"author":[{"embeddable":true,"href":"https:\/\/mglos.se\/index.php?rest_route=\/wp\/v2\/users\/1"}],"replies":[{"embeddable":true,"href":"https:\/\/mglos.se\/index.php?rest_route=%2Fwp%2Fv2%2Fcomments&post=535"}],"version-history":[{"count":0,"href":"https:\/\/mglos.se\/index.php?rest_route=\/wp\/v2\/posts\/535\/revisions"}],"wp:attachment":[{"href":"https:\/\/mglos.se\/index.php?rest_route=%2Fwp%2Fv2%2Fmedia&parent=535"}],"wp:term":[{"taxonomy":"category","embeddable":true,"href":"https:\/\/mglos.se\/index.php?rest_route=%2Fwp%2Fv2%2Fcategories&post=535"},{"taxonomy":"post_tag","embeddable":true,"href":"https:\/\/mglos.se\/index.php?rest_route=%2Fwp%2Fv2%2Ftags&post=535"}],"curies":[{"name":"wp","href":"https:\/\/api.w.org\/{rel}","templated":true}]}}